{"id":16108,"date":"2023-08-28T13:36:26","date_gmt":"2023-08-28T13:36:26","guid":{"rendered":"http:\/\/www.peviconta.pt\/seguros\/?p=16108"},"modified":"2023-10-04T13:47:30","modified_gmt":"2023-10-04T13:47:30","slug":"apoios-do-estado-em-2023-para-a-educacao","status":"publish","type":"post","link":"http:\/\/www.peviconta.pt\/seguros\/2023\/08\/apoios-do-estado-em-2023-para-a-educacao\/","title":{"rendered":"Apoios do Estado em 2023 para a educa\u00e7\u00e3o"},"content":{"rendered":"\n<p>Em Portugal, o ensino escolar obrigat\u00f3rio (at\u00e9 ao 12.\u00ba ano) \u00e9 universal e gratuito. No entanto, implica outros gastos, como os transportes, a alimenta\u00e7\u00e3o e os manuais escolares. Segundo a Pordata, em 2020, cada agregado familiar gastou, em m\u00e9dia, <a href=\"https:\/\/www.pordata.pt\/portugal\/despesas+medias+de+consumo+final+das+familias+total+e+por+tipo+de+bens+e+servicos-768-247971\" target=\"_blank\" rel=\"noreferrer noopener\">502 \u20ac na educa\u00e7\u00e3o<\/a> de cada filho.<\/p>\n\n\n\n<p>Quais s\u00e3o os apoios do Estado em 2023 dispon\u00edveis para as fam\u00edlias portuguesas?<\/p>\n\n\n\n<h4 class=\"wp-block-heading\">Ensino Pr\u00e9-escolar<\/h4>\n\n\n\n<p>Divide-se em duas etapas, nenhuma de frequ\u00eancia obrigat\u00f3ria:<\/p>\n\n\n\n<p><strong>Dos 0 aos 3<\/strong><\/p>\n\n\n\n<p>As ofertas dispon\u00edveis s\u00e3o as <strong>creches<\/strong> (quer de entidades privadas n\u00e3o lucrativas, como IPSS \u2013Institui\u00e7\u00f5es Particulares de Solidariedade Social \u2013 ou equiparadas, como tamb\u00e9m de entidades privadas lucrativas); as <strong>amas<\/strong> (devidamente licenciadas) e as <strong>creches familiares<\/strong> (correspondem a um conjunto de amas, em n\u00famero n\u00e3o inferior a quatro, a exercer atividade no \u00e2mbito de uma institui\u00e7\u00e3o).<\/p>\n\n\n\n<p><strong>Dos 3 aos 6 anos<\/strong><\/p>\n\n\n\n<p>Para esta faixa et\u00e1ria, existe uma <strong>rede nacional p\u00fablica<\/strong> e <strong>privada<\/strong> de estabelecimentos e institui\u00e7\u00f5es.<\/p>\n\n\n\n<h4 class=\"wp-block-heading\">Apoios do Estado em 2023 para o ensino pr\u00e9-escolar<\/h4>\n\n\n\n<h5 class=\"wp-block-heading\">Creche Feliz \u2013 Rede de creches gratuitas<\/h5>\n\n\n\n<p>Este programa <strong>inclui<\/strong> o pagamento das mensalidades, inscri\u00e7\u00e3o e seguros, alimenta\u00e7\u00e3o, higiene, atividades curriculares e prolongamento de hor\u00e1rio.<\/p>\n\n\n\n<p><strong>N\u00e3o inclui<\/strong> as despesas com atividades facultativas extra, fraldas, fardas ou uniformes escolares e servi\u00e7os de transporte. Este apoio do Estado em 2023 foi alargado \u00e0s creches da rede solid\u00e1ria sem acordo de coopera\u00e7\u00e3o e do setor privado, quando n\u00e3o existem vagas gratuitas nas creches do setor social e solid\u00e1rio.<\/p>\n\n\n\n<h5 class=\"wp-block-heading\">Subs\u00eddio de creche e ama<\/h5>\n\n\n\n<p>Este apoio destina-se aos <strong>benefici\u00e1rios dos SSAP<\/strong> (Servi\u00e7os Sociais da Administra\u00e7\u00e3o P\u00fablica) e foca-se num apoio mensal para as despesas na educa\u00e7\u00e3o das crian\u00e7as dos 3 meses aos 6 anos.<\/p>\n\n\n\n<h5 class=\"wp-block-heading\">Crian\u00e7as com necessidades educativas especiais<\/h5>\n\n\n\n<p>As crian\u00e7as com necessidades educativas especiais tamb\u00e9m recebem apoios do Estado em 2023 para:<\/p>\n\n\n\n<p>&#8211; Material escolar espec\u00edfico \u00e0 necessidade;<\/p>\n\n\n\n<p>&#8211; Apoio pedag\u00f3gico acrescido, sem custos para as fam\u00edlias;<\/p>\n\n\n\n<p>&#8211; Financiamento p\u00fablico de apoio a estabelecimentos privados de ensino especial;<\/p>\n\n\n\n<p>&#8211; Benef\u00edcios fiscais espec\u00edficos para agregados familiares com dependentes portadores de necessidades educativas especiais.<\/p>\n\n\n\n<p>Nota: Os apoios para alunos com necessidades educativas especiais mant\u00eam-se at\u00e9 ao ensino superior.<\/p>\n\n\n\n<h4 class=\"wp-block-heading\">Ensino B\u00e1sico e Secund\u00e1rio<\/h4>\n\n\n\n<p>Inclui os ciclos b\u00e1sicos (1.\u00ba ao 9.\u00ba ano) e secund\u00e1rio (10.\u00ba ao 12.\u00ba ano).<\/p>\n\n\n\n<h4 class=\"wp-block-heading\">Apoios do Estado em 2023 para o ensino b\u00e1sico e secund\u00e1rio<\/h4>\n\n\n\n<h5 class=\"wp-block-heading\">Vouchers para manuais escolares gratuitos<\/h5>\n\n\n\n<p>Esta medida de a\u00e7\u00e3o social escolar estende-se do 1.\u00ba ao 12.\u00ba ano. Contudo, apenas abrange os alunos das escolas p\u00fablicas e das privadas com contratos de associa\u00e7\u00e3o.<\/p>\n\n\n\n<p>Para obter estes vouchers, os encarregados de educa\u00e7\u00e3o devem registar-se na <a href=\"https:\/\/manuaisescolares.pt\/\" target=\"_blank\" rel=\"noreferrer noopener\">plataforma MEGA<\/a>. A plataforma permite verificar a atribui\u00e7\u00e3o e fazer o download dos vouchers, para uso em livrarias aderentes.<\/p>\n\n\n\n<h5 class=\"wp-block-heading\">A\u00e7\u00e3o Social Escolar (ASE) para o ensino b\u00e1sico e secund\u00e1rio<\/h5>\n\n\n\n<p>A ASE \u00e9 uma presta\u00e7\u00e3o monet\u00e1ria mensal, para ajudar as fam\u00edlias mais carenciadas no sustento e educa\u00e7\u00e3o dos seus filhos, nos seguintes gastos:<\/p>\n\n\n\n<p>&#8211; Alimenta\u00e7\u00e3o;<\/p>\n\n\n\n<p>&#8211; Material escolar;<\/p>\n\n\n\n<p>&#8211; Visitas de estudo\/transporte;<\/p>\n\n\n\n<p>&#8211; Alojamento no ensino secund\u00e1rio;<\/p>\n\n\n\n<p>&#8211; Bolsas de m\u00e9rito no ensino secund\u00e1rio.<\/p>\n\n\n\n<p>Os valores de comparticipa\u00e7\u00e3o abrangem as fam\u00edlias enquadradas nos escal\u00f5es A, B e C da a\u00e7\u00e3o social escolar que, na pr\u00e1tica, correspondem aos primeiros tr\u00eas escal\u00f5es do abono de fam\u00edlia (escal\u00f5es 1, 2 e 3).<\/p>\n\n\n\n<p>Este apoio financeiro pede-se na escola, no ato de matr\u00edcula ou de renova\u00e7\u00e3o da mesma, e obriga \u00e0 entrega da declara\u00e7\u00e3o da Seguran\u00e7a Social comprovativa do escal\u00e3o de abono de fam\u00edlia.<\/p>\n\n\n\n<h5 class=\"wp-block-heading\">Apoio para transporte escolar<\/h5>\n\n\n\n<p>Este apoio compete ao concelho onde vive cada estudante, mas a candidatura ao mesmo \u00e9 feita nas escolas, atrav\u00e9s da A\u00e7\u00e3o Escolar Social. Os apoios do Estado em 2023 mant\u00eam o transporte gratuito para todos os alunos (da pr\u00e9-escola ao 12.\u00ba ano) que vivam a mais de 3 km da escola que frequentam. Este apoio pede-se na escola, pois \u00e9 l\u00e1 que o processo \u00e9 gerido.<\/p>\n\n\n\n<h4 class=\"wp-block-heading\">Ensino Superior<\/h4>\n\n\n\n<p>Corresponde aos graus de licenciatura, mestrado e doutoramento.<\/p>\n\n\n\n<h4 class=\"wp-block-heading\">Apoios do Estado em 2023 para o ensino superior<\/h4>\n\n\n\n<h5 class=\"wp-block-heading\">Bolsas de apoio<\/h5>\n\n\n\n<p>Este programa, com o apoio do estado em 2023 sofreu refor\u00e7os, nomeadamente, no aumento dos valores pecuni\u00e1rios (para licenciatura e mestrado) e no aumento do valor de rendimento per capita anual para a candidatura a estudante bolseiro.<\/p>\n\n\n\n<h5 class=\"wp-block-heading\">Programa Bolsas + Superior<\/h5>\n\n\n\n<p>Este programa para estudantes bolseiros pretende incentivar e apoiar a frequ\u00eancia do ensino superior, em regi\u00f5es com menor procura e menor press\u00e3o demogr\u00e1fica. Os apoios do Estado em 2023 alargaram este programa ao mestrado e aumentaram o n\u00famero de bolsas.<\/p>\n\n\n\n<p>A candidatura a estes dois programas deve ser feita &lt;strong&gt;at\u00e9 ao dia 30 de setembro&lt;\/strong&gt; de cada ano.<\/p>\n\n\n\n<p>O processo \u00e9 online, atrav\u00e9s da p\u00e1gina de acesso \u00e0s candidaturas.<\/p>\n\n\n\n<h5 class=\"wp-block-heading\">Complementos de alojamento<\/h5>\n\n\n\n<p>Destina-se aos estudantes bolseiros que concorrerem \u00e0s resid\u00eancias dos Servi\u00e7os de A\u00e7\u00e3o Social e n\u00e3o consigam vaga. Os apoios do Estado em 2023 para este complemento correspondem ao valor do custo do alojamento (mediante recibo que o comprove), at\u00e9 ao limite de 55 % do IAS (264,24 euros). Em regi\u00f5es onde \u00e9 mais dif\u00edcil encontrar alojamento, h\u00e1 direito a um aumento do apoio.<\/p>\n\n\n\n<h5 class=\"wp-block-heading\">Complemento de desloca\u00e7\u00e3o<\/h5>\n\n\n\n<p>Esta medida pretende ajudar nas desloca\u00e7\u00f5es do estudante entre casa e faculdade. O teto m\u00e1ximo \u00e9 de 250\u20ac por ano. Note que \u00e9 um apoio para alunos bolseiros.<\/p>\n\n\n\n<h4 class=\"wp-block-heading\">Outros apoios<\/h4>\n\n\n\n<h5 class=\"wp-block-heading\">Passes de transporte<\/h5>\n\n\n\n<p><strong>Passe \u201c4_18@escola.pt\u201d<\/strong><\/p>\n\n\n\n<p>Um apoio para o transporte escolar, para alunos do ensino n\u00e3o superior (dos 4 aos 18 anos) sem transporte escolar.<\/p>\n\n\n\n<p>Descontos aplicados:<\/p>\n\n\n\n<p>60% &#8211; estudantes benefici\u00e1rios do Escal\u00e3o &#8220;A&#8221; da A\u00e7\u00e3o Social Escolar;<\/p>\n\n\n\n<p>25% &#8211; restantes estudantes do ensino n\u00e3o superior.<\/p>\n\n\n\n<p><strong>Passe sub23@superior.pt<\/strong><\/p>\n\n\n\n<p>Apoio aos estudantes do ensino superior at\u00e9 aos 23 anos, inclusive (24 anos para os estudantes de Medicina e de Arquitetura).<\/p>\n\n\n\n<p>Descontos aplicados:<\/p>\n\n\n\n<p>60% &#8211; estudantes benefici\u00e1rios da A\u00e7\u00e3o Social Direta no Ensino Superior;<\/p>\n\n\n\n<p>25% &#8211; restantes estudantes do Ensino Superior.<\/p>\n\n\n\n<p>A obten\u00e7\u00e3o dos passes faz-se nas empresas de transporte dos diferentes concelhos e obriga \u00e0 apresenta\u00e7\u00e3o da Declara\u00e7\u00e3o 4_18 ou da Declara\u00e7\u00e3o de Matr\u00edcula sub23. Estes documentos comprovam a inscri\u00e7\u00e3o dos alunos e se s\u00e3o, ou n\u00e3o, benefici\u00e1rios de apoios sociais do Estado. S\u00e3o apoios de renova\u00e7\u00e3o anual.<\/p>\n\n\n\n<p>Como vimos ao longo do artigo, ter um <a href=\"https:\/\/www.tranquilidade.pt\/particulares\/seguros\/acidentes-pessoais\/familia\" target=\"_blank\" rel=\"noreferrer noopener\">Seguro de Acidentes Pessoais<\/a> pode mesmo fazer a diferen\u00e7a para a estabilidade familiar. Al\u00e9m disso, ao juntar a fam\u00edlia, ter\u00e1 direito at\u00e9 10% de desconto sobre o pr\u00e9mio comercial.<\/p>\n\n\n\n<p class=\"text_align_left\"><strong>Fonte:<\/strong> <a href=\"https:\/\/www.tranquilidade.pt\/blog\/familia\/apoios-estado-2023-educacao\" target=\"_blank\" rel=\"noreferrer noopener\">www.tranquilidade.pt<\/a><\/p>\n","protected":false},"excerpt":{"rendered":"<p>Em Portugal, o ensino escolar obrigat\u00f3rio (at\u00e9 ao 12.\u00ba ano) \u00e9 universal e gratuito. No entanto, implica outros gastos, como os transportes, a alimenta\u00e7\u00e3o e os manuais escolares. Segundo a Pordata, em 2020, cada agregado familiar gastou, em m\u00e9dia, 502 \u20ac na educa\u00e7\u00e3o de cada filho. Quais s\u00e3o os apoios do Estado em 2023 dispon\u00edveis [&hellip;]<\/p>\n","protected":false},"author":1,"featured_media":16109,"comment_status":"closed","ping_status":"closed","sticky":false,"template":"","format":"standard","meta":{"inline_featured_image":false},"categories":[59],"tags":[],"yoast_head":"<!-- This site is optimized with the Yoast SEO plugin v19.7.2 - https:\/\/yoast.com\/wordpress\/plugins\/seo\/ -->\n<title>Apoios do Estado em 2023 para a educa\u00e7\u00e3o - Peviconta<\/title>\n<meta name=\"robots\" content=\"index, follow, max-snippet:-1, max-image-preview:large, max-video-preview:-1\" \/>\n<link rel=\"canonical\" href=\"http:\/\/www.peviconta.pt\/seguros\/2023\/08\/apoios-do-estado-em-2023-para-a-educacao\/\" \/>\n<meta property=\"og:locale\" content=\"pt_PT\" \/>\n<meta property=\"og:type\" content=\"article\" \/>\n<meta property=\"og:title\" content=\"Apoios do Estado em 2023 para a educa\u00e7\u00e3o - Peviconta\" \/>\n<meta property=\"og:description\" content=\"Em Portugal, o ensino escolar obrigat\u00f3rio (at\u00e9 ao 12.\u00ba ano) \u00e9 universal e gratuito. No entanto, implica outros gastos, como os transportes, a alimenta\u00e7\u00e3o e os manuais escolares. Segundo a Pordata, em 2020, cada agregado familiar gastou, em m\u00e9dia, 502 \u20ac na educa\u00e7\u00e3o de cada filho. Quais s\u00e3o os apoios do Estado em 2023 dispon\u00edveis [&hellip;]\" \/>\n<meta property=\"og:url\" content=\"http:\/\/www.peviconta.pt\/seguros\/2023\/08\/apoios-do-estado-em-2023-para-a-educacao\/\" \/>\n<meta property=\"og:site_name\" content=\"Peviconta\" \/>\n<meta property=\"article:published_time\" content=\"2023-08-28T13:36:26+00:00\" \/>\n<meta property=\"article:modified_time\" content=\"2023-10-04T13:47:30+00:00\" \/>\n<meta property=\"og:image\" content=\"http:\/\/www.peviconta.pt\/seguros\/wp-content\/uploads\/2023\/10\/noticia_apoios_estado_educacao_09_23.jpg\" \/>\n\t<meta property=\"og:image:width\" content=\"1000\" \/>\n\t<meta property=\"og:image:height\" content=\"670\" \/>\n\t<meta property=\"og:image:type\" content=\"image\/jpeg\" \/>\n<meta name=\"author\" content=\"Admin agilstore\" \/>\n<meta name=\"twitter:card\" content=\"summary_large_image\" \/>\n<meta name=\"twitter:label1\" content=\"Escrito por\" \/>\n\t<meta name=\"twitter:data1\" content=\"Admin agilstore\" \/>\n\t<meta name=\"twitter:label2\" content=\"Tempo estimado de leitura\" \/>\n\t<meta name=\"twitter:data2\" content=\"6 minutos\" \/>\n<script type=\"application\/ld+json\" class=\"yoast-schema-graph\">{\"@context\":\"https:\/\/schema.org\",\"@graph\":[{\"@type\":\"Article\",\"@id\":\"http:\/\/www.peviconta.pt\/seguros\/2023\/08\/apoios-do-estado-em-2023-para-a-educacao\/#article\",\"isPartOf\":{\"@id\":\"http:\/\/www.peviconta.pt\/seguros\/2023\/08\/apoios-do-estado-em-2023-para-a-educacao\/\"},\"author\":{\"name\":\"Admin agilstore\",\"@id\":\"https:\/\/www.peviconta.pt\/seguros\/#\/schema\/person\/5ce0b703363623a34bd04cd602eafaaf\"},\"headline\":\"Apoios do Estado em 2023 para a educa\u00e7\u00e3o\",\"datePublished\":\"2023-08-28T13:36:26+00:00\",\"dateModified\":\"2023-10-04T13:47:30+00:00\",\"mainEntityOfPage\":{\"@id\":\"http:\/\/www.peviconta.pt\/seguros\/2023\/08\/apoios-do-estado-em-2023-para-a-educacao\/\"},\"wordCount\":1117,\"publisher\":{\"@id\":\"https:\/\/www.peviconta.pt\/seguros\/#organization\"},\"articleSection\":[\"Fam\u00edlia\"],\"inLanguage\":\"pt-PT\"},{\"@type\":\"WebPage\",\"@id\":\"http:\/\/www.peviconta.pt\/seguros\/2023\/08\/apoios-do-estado-em-2023-para-a-educacao\/\",\"url\":\"http:\/\/www.peviconta.pt\/seguros\/2023\/08\/apoios-do-estado-em-2023-para-a-educacao\/\",\"name\":\"Apoios do Estado em 2023 para a educa\u00e7\u00e3o - Peviconta\",\"isPartOf\":{\"@id\":\"https:\/\/www.peviconta.pt\/seguros\/#website\"},\"datePublished\":\"2023-08-28T13:36:26+00:00\",\"dateModified\":\"2023-10-04T13:47:30+00:00\",\"breadcrumb\":{\"@id\":\"http:\/\/www.peviconta.pt\/seguros\/2023\/08\/apoios-do-estado-em-2023-para-a-educacao\/#breadcrumb\"},\"inLanguage\":\"pt-PT\",\"potentialAction\":[{\"@type\":\"ReadAction\",\"target\":[\"http:\/\/www.peviconta.pt\/seguros\/2023\/08\/apoios-do-estado-em-2023-para-a-educacao\/\"]}]},{\"@type\":\"BreadcrumbList\",\"@id\":\"http:\/\/www.peviconta.pt\/seguros\/2023\/08\/apoios-do-estado-em-2023-para-a-educacao\/#breadcrumb\",\"itemListElement\":[{\"@type\":\"ListItem\",\"position\":1,\"name\":\"In\u00edcio\",\"item\":\"https:\/\/www.peviconta.pt\/seguros\/\"},{\"@type\":\"ListItem\",\"position\":2,\"name\":\"Apoios do Estado em 2023 para a educa\u00e7\u00e3o\"}]},{\"@type\":\"WebSite\",\"@id\":\"https:\/\/www.peviconta.pt\/seguros\/#website\",\"url\":\"https:\/\/www.peviconta.pt\/seguros\/\",\"name\":\"Peviconta\",\"description\":\"Media\u00e7\u00e3o de Seguros\",\"publisher\":{\"@id\":\"https:\/\/www.peviconta.pt\/seguros\/#organization\"},\"potentialAction\":[{\"@type\":\"SearchAction\",\"target\":{\"@type\":\"EntryPoint\",\"urlTemplate\":\"https:\/\/www.peviconta.pt\/seguros\/?s={search_term_string}\"},\"query-input\":\"required name=search_term_string\"}],\"inLanguage\":\"pt-PT\"},{\"@type\":\"Organization\",\"@id\":\"https:\/\/www.peviconta.pt\/seguros\/#organization\",\"name\":\"Peviconta\",\"url\":\"https:\/\/www.peviconta.pt\/seguros\/\",\"sameAs\":[],\"logo\":{\"@type\":\"ImageObject\",\"inLanguage\":\"pt-PT\",\"@id\":\"https:\/\/www.peviconta.pt\/seguros\/#\/schema\/logo\/image\/\",\"url\":\"http:\/\/www.peviconta.pt\/seguros\/wp-content\/uploads\/2023\/02\/email_logo.png\",\"contentUrl\":\"http:\/\/www.peviconta.pt\/seguros\/wp-content\/uploads\/2023\/02\/email_logo.png\",\"width\":275,\"height\":67,\"caption\":\"Peviconta\"},\"image\":{\"@id\":\"https:\/\/www.peviconta.pt\/seguros\/#\/schema\/logo\/image\/\"}},{\"@type\":\"Person\",\"@id\":\"https:\/\/www.peviconta.pt\/seguros\/#\/schema\/person\/5ce0b703363623a34bd04cd602eafaaf\",\"name\":\"Admin agilstore\",\"sameAs\":[\"http:\/\/www.peviconta.pt\/seguros\"]}]}<\/script>\n<!-- \/ Yoast SEO plugin. -->","yoast_head_json":{"title":"Apoios do Estado em 2023 para a educa\u00e7\u00e3o - Peviconta","robots":{"index":"index","follow":"follow","max-snippet":"max-snippet:-1","max-image-preview":"max-image-preview:large","max-video-preview":"max-video-preview:-1"},"canonical":"http:\/\/www.peviconta.pt\/seguros\/2023\/08\/apoios-do-estado-em-2023-para-a-educacao\/","og_locale":"pt_PT","og_type":"article","og_title":"Apoios do Estado em 2023 para a educa\u00e7\u00e3o - Peviconta","og_description":"Em Portugal, o ensino escolar obrigat\u00f3rio (at\u00e9 ao 12.\u00ba ano) \u00e9 universal e gratuito. No entanto, implica outros gastos, como os transportes, a alimenta\u00e7\u00e3o e os manuais escolares. Segundo a Pordata, em 2020, cada agregado familiar gastou, em m\u00e9dia, 502 \u20ac na educa\u00e7\u00e3o de cada filho. Quais s\u00e3o os apoios do Estado em 2023 dispon\u00edveis [&hellip;]","og_url":"http:\/\/www.peviconta.pt\/seguros\/2023\/08\/apoios-do-estado-em-2023-para-a-educacao\/","og_site_name":"Peviconta","article_published_time":"2023-08-28T13:36:26+00:00","article_modified_time":"2023-10-04T13:47:30+00:00","og_image":[{"width":1000,"height":670,"url":"http:\/\/www.peviconta.pt\/seguros\/wp-content\/uploads\/2023\/10\/noticia_apoios_estado_educacao_09_23.jpg","type":"image\/jpeg"}],"author":"Admin agilstore","twitter_card":"summary_large_image","twitter_misc":{"Escrito por":"Admin agilstore","Tempo estimado de leitura":"6 minutos"},"schema":{"@context":"https:\/\/schema.org","@graph":[{"@type":"Article","@id":"http:\/\/www.peviconta.pt\/seguros\/2023\/08\/apoios-do-estado-em-2023-para-a-educacao\/#article","isPartOf":{"@id":"http:\/\/www.peviconta.pt\/seguros\/2023\/08\/apoios-do-estado-em-2023-para-a-educacao\/"},"author":{"name":"Admin agilstore","@id":"https:\/\/www.peviconta.pt\/seguros\/#\/schema\/person\/5ce0b703363623a34bd04cd602eafaaf"},"headline":"Apoios do Estado em 2023 para a educa\u00e7\u00e3o","datePublished":"2023-08-28T13:36:26+00:00","dateModified":"2023-10-04T13:47:30+00:00","mainEntityOfPage":{"@id":"http:\/\/www.peviconta.pt\/seguros\/2023\/08\/apoios-do-estado-em-2023-para-a-educacao\/"},"wordCount":1117,"publisher":{"@id":"https:\/\/www.peviconta.pt\/seguros\/#organization"},"articleSection":["Fam\u00edlia"],"inLanguage":"pt-PT"},{"@type":"WebPage","@id":"http:\/\/www.peviconta.pt\/seguros\/2023\/08\/apoios-do-estado-em-2023-para-a-educacao\/","url":"http:\/\/www.peviconta.pt\/seguros\/2023\/08\/apoios-do-estado-em-2023-para-a-educacao\/","name":"Apoios do Estado em 2023 para a educa\u00e7\u00e3o - Peviconta","isPartOf":{"@id":"https:\/\/www.peviconta.pt\/seguros\/#website"},"datePublished":"2023-08-28T13:36:26+00:00","dateModified":"2023-10-04T13:47:30+00:00","breadcrumb":{"@id":"http:\/\/www.peviconta.pt\/seguros\/2023\/08\/apoios-do-estado-em-2023-para-a-educacao\/#breadcrumb"},"inLanguage":"pt-PT","potentialAction":[{"@type":"ReadAction","target":["http:\/\/www.peviconta.pt\/seguros\/2023\/08\/apoios-do-estado-em-2023-para-a-educacao\/"]}]},{"@type":"BreadcrumbList","@id":"http:\/\/www.peviconta.pt\/seguros\/2023\/08\/apoios-do-estado-em-2023-para-a-educacao\/#breadcrumb","itemListElement":[{"@type":"ListItem","position":1,"name":"In\u00edcio","item":"https:\/\/www.peviconta.pt\/seguros\/"},{"@type":"ListItem","position":2,"name":"Apoios do Estado em 2023 para a educa\u00e7\u00e3o"}]},{"@type":"WebSite","@id":"https:\/\/www.peviconta.pt\/seguros\/#website","url":"https:\/\/www.peviconta.pt\/seguros\/","name":"Peviconta","description":"Media\u00e7\u00e3o de Seguros","publisher":{"@id":"https:\/\/www.peviconta.pt\/seguros\/#organization"},"potentialAction":[{"@type":"SearchAction","target":{"@type":"EntryPoint","urlTemplate":"https:\/\/www.peviconta.pt\/seguros\/?s={search_term_string}"},"query-input":"required name=search_term_string"}],"inLanguage":"pt-PT"},{"@type":"Organization","@id":"https:\/\/www.peviconta.pt\/seguros\/#organization","name":"Peviconta","url":"https:\/\/www.peviconta.pt\/seguros\/","sameAs":[],"logo":{"@type":"ImageObject","inLanguage":"pt-PT","@id":"https:\/\/www.peviconta.pt\/seguros\/#\/schema\/logo\/image\/","url":"http:\/\/www.peviconta.pt\/seguros\/wp-content\/uploads\/2023\/02\/email_logo.png","contentUrl":"http:\/\/www.peviconta.pt\/seguros\/wp-content\/uploads\/2023\/02\/email_logo.png","width":275,"height":67,"caption":"Peviconta"},"image":{"@id":"https:\/\/www.peviconta.pt\/seguros\/#\/schema\/logo\/image\/"}},{"@type":"Person","@id":"https:\/\/www.peviconta.pt\/seguros\/#\/schema\/person\/5ce0b703363623a34bd04cd602eafaaf","name":"Admin agilstore","sameAs":["http:\/\/www.peviconta.pt\/seguros"]}]}},"_links":{"self":[{"href":"http:\/\/www.peviconta.pt\/seguros\/wp-json\/wp\/v2\/posts\/16108"}],"collection":[{"href":"http:\/\/www.peviconta.pt\/seguros\/wp-json\/wp\/v2\/posts"}],"about":[{"href":"http:\/\/www.peviconta.pt\/seguros\/wp-json\/wp\/v2\/types\/post"}],"author":[{"embeddable":true,"href":"http:\/\/www.peviconta.pt\/seguros\/wp-json\/wp\/v2\/users\/1"}],"replies":[{"embeddable":true,"href":"http:\/\/www.peviconta.pt\/seguros\/wp-json\/wp\/v2\/comments?post=16108"}],"version-history":[{"count":0,"href":"http:\/\/www.peviconta.pt\/seguros\/wp-json\/wp\/v2\/posts\/16108\/revisions"}],"wp:featuredmedia":[{"embeddable":true,"href":"http:\/\/www.peviconta.pt\/seguros\/wp-json\/wp\/v2\/media\/16109"}],"wp:attachment":[{"href":"http:\/\/www.peviconta.pt\/seguros\/wp-json\/wp\/v2\/media?parent=16108"}],"wp:term":[{"taxonomy":"category","embeddable":true,"href":"http:\/\/www.peviconta.pt\/seguros\/wp-json\/wp\/v2\/categories?post=16108"},{"taxonomy":"post_tag","embeddable":true,"href":"http:\/\/www.peviconta.pt\/seguros\/wp-json\/wp\/v2\/tags?post=16108"}],"curies":[{"name":"wp","href":"https:\/\/api.w.org\/{rel}","templated":true}]}}